{"id":5221,"date":"2025-07-22T06:00:57","date_gmt":"2025-07-22T03:00:57","guid":{"rendered":"https:\/\/codulbibliei.editura-fotini.ro\/blog\/?p=5221"},"modified":"2025-07-14T19:28:52","modified_gmt":"2025-07-14T16:28:52","slug":"predica-la-inaltarea-domnului-2025","status":"publish","type":"post","link":"https:\/\/codulbibliei.editura-fotini.ro\/blog\/2025\/07\/22\/predica-la-inaltarea-domnului-2025\/","title":{"rendered":"Predic\u00c4\u0192 la \u00c3\u017dn\u00c4\u0192l\u00c8\u203aarea Domnului, 2025"},"content":{"rendered":"<div style=\"text-align:left\" class=\"yasr-auto-insert-visitor\"><\/div><p><strong>Tema:<\/strong> <em><span style=\"color: #0000ff;\">despre &Atilde;&reg;n&Auml;&fnof;l&Egrave;&rsaquo;area sufletelor noastre<\/span><\/em><\/p>\n<p>Ast&Auml;&fnof;zi Domnul nostru Iisus Hristos ne cheam&Auml;&fnof; la &Atilde;&reg;n&Auml;&fnof;l&Egrave;&rsaquo;area sufletelor noastre prin fapte bune &Egrave;&trade;i prin &Atilde;&reg;mplinirea poruncilor pe care El ni le-a dat.<\/p>\n<p><em>&acirc;&euro;&#382;Poc&Auml;&fnof;i&Egrave;&rsaquo;i-v&Auml;&fnof; c&Auml;&fnof; s-a apropiat &Atilde;&reg;mp&Auml;&fnof;r&Auml;&fnof;&Egrave;&rsaquo;ia cerurilor.&acirc;&euro;&#157;<\/em> Cu aceste cuvinte &Egrave;&trade;i-a &Atilde;&reg;nceput predica Domnul nostru Iisus Hristos. &Egrave;&tilde;i aceast&Auml;&fnof; &Atilde;&reg;mp&Auml;&fnof;r&Auml;&fnof;&Egrave;&rsaquo;ie este mai aproape de noi cu 2000 de ani.<\/p>\n<p>Aceste cuvinte r&Auml;&fnof;sun&Auml;&fnof; &Atilde;&reg;n sufletele noastre.<\/p>\n<p>Sf&Atilde;&cent;r&Egrave;&trade;itul lumii nu este fixat arbitrar de Dumnezeu. <span style=\"color: #0000ff;\">Sf&Atilde;&cent;r&Egrave;&trade;itul lumii depinde de faptele oamenilor. Noi hot&Auml;&fnof;r&Atilde;&cent;m c&Atilde;&cent;nd va fi sf&Atilde;&cent;r&Egrave;&trade;itul lumii, prin faptele noastre<\/span>. Sf. P&Auml;&fnof;rin&Egrave;&rsaquo;i spun c&Auml;&fnof; sf&Atilde;&cent;r&Egrave;&trade;itul va veni atunci c&Atilde;&cent;nd nu va mai exista c&Auml;&fnof;rare &Atilde;&reg;ntre frate &Egrave;&trade;i frate, c&Atilde;&cent;nd nu va mai exista &Atilde;&reg;n&Egrave;&rsaquo;elegere &Atilde;&reg;ntre fra&Egrave;&rsaquo;i &Egrave;&trade;i &Atilde;&reg;ntre oameni.<\/p>\n<p>Suntem chema&Egrave;&rsaquo;i la poc&Auml;&fnof;in&Egrave;&rsaquo;&Auml;&fnof; &Egrave;&trade;i la schimbarea felului noastru de a g&Atilde;&cent;ndi. S&Auml;&fnof; punem mai presus de orice valorile spirituale, nu cele mareriale.<\/p>\n<p><span style=\"color: #0000ff;\">Cel mai sigur lucru &Atilde;&reg;n via&Egrave;&rsaquo;a aceasta este trecerea de aici dincolo, &Atilde;&reg;n via&Egrave;&rsaquo;a ve&Egrave;&trade;nic&Auml;&fnof;<\/span>. Ce a&Egrave;&trade;teapt&Auml;&fnof; Dumnezeu de la noi? Lucruri simple &Egrave;&trade;i u&Egrave;&trade;or de &Atilde;&reg;mplinit.<\/p>\n<p>Iert&Auml;&fnof; ca s&Auml;&fnof; fii iertat. &Egrave;&tilde;i f&Auml;&fnof; bine. Ce &Egrave;&rsaquo;ie nu-&Egrave;&rsaquo;i place altuia nu-i face. S&Auml;&fnof; binecuv&Atilde;&cent;nt&Auml;&fnof;m pe cei ce ne blestem&Auml;&fnof;. S&Auml;&fnof; facem bine celor ce ne fac r&Auml;&fnof;u &Egrave;&trade;i s&Auml;&fnof; ne rug&Auml;&fnof;m pentru cei care ne prigonesc. S&Auml;&fnof; ne schimb&Auml;&fnof;m via&Egrave;&rsaquo;a &Egrave;&trade;i s&Auml;&fnof; ne jertfim pentru Hristos.<\/p>\n<p>S&Auml;&fnof; ne jertfim via&Egrave;&rsaquo;a pentru aproapele nostru, pentru urma&Egrave;&trade;ii no&Egrave;&trade;tri, ca ei s&Auml;&fnof; ne pomeneasc&Auml;&fnof;, &Egrave;&trade;a cum pomenim noi pe mo&Egrave;&trade;ii &Egrave;&trade;i str&Auml;&fnof;mo&Egrave;&trade;ii nostri. S&Auml;&fnof; ne jerfim m&Auml;&fnof;car un pic, m&Auml;&fnof;car prin sudoarea noastr&Auml;&fnof; &Egrave;&trade;i s&Auml;&fnof; rezist&Auml;&fnof;m ispitelor &Egrave;&trade;i celor care vor s&Auml;&fnof; ne deterine s&Auml;&fnof; p&Auml;&fnof;r&Auml;&fnof;sim &Egrave;&rsaquo;ara noastr&Auml;&fnof;.<\/p>\n<p><span style=\"color: #ff0000;\">Avem ast&Auml;&fnof;zi nevoie de rug&Auml;&fnof;ciune mai ales &Atilde;&reg;n aceste vremuri de mare schimbare<\/span>. Lume se &Atilde;&reg;ndreapt&Auml;&fnof; spre r&Auml;&fnof;u, dar noi avem libertatea de a alege mereu binele.<\/p>\n<p>Televizorul prin tot ceea ce transmite ne adoarme con&Egrave;&trade;tiin&Egrave;&rsaquo;a. S&Auml;&fnof; dovedim credin&Egrave;&rsaquo;a prin faptele noastre.<\/p>\n<p><em><strong>Ce trebuie s&Auml;&fnof; facem ca s&Auml;&fnof; ne &Atilde;&reg;nt&Auml;&fnof;rim credin&Egrave;&rsaquo;a?<\/strong> <\/em><span style=\"color: #0000ff;\">S&Auml;&fnof; citim zilnic din <a class=\"glossaryLink\"  aria-describedby=\"tt\"  data-cmtooltip=\"&lt;div class=glossaryItemTitle&gt;Noul Testament&lt;\/div&gt;&lt;div class=glossaryItemBody&gt;&amp;lt;em&amp;gt;Noul Testament&amp;lt;\/em&amp;gt; cuprinde un num&Auml;&fnof;r de &amp;lt;strong&amp;gt;27&amp;lt;\/strong&amp;gt; de c&Auml;&fnof;r&Egrave;&rsaquo;i considerate de Biseric&Auml;&fnof; ca fiind inspirate. &amp;lt;em&amp;gt;Noul Testament&amp;lt;\/em&amp;gt; cuprinde 4 Evanghelii, Faptele Apostolilor, 14 epistope pauline, 7 epistole sobornice&Egrave;&trade;ti &Egrave;&trade;i Apocalipsa.C&Auml;&fnof;r&Egrave;&rsaquo;ile apocrife, de factur&Auml;&fnof; gnostic&Auml;&fnof;, nu au f&Auml;&fnof;cut niciodat&Auml;&fnof; parte nici canonul &amp;lt;em&amp;gt;Noului Testament&amp;lt;\/em&amp;gt;.&lt;\/div&gt;\"  href=\"https:\/\/codulbibliei.editura-fotini.ro\/blog\/glossary\/noul-testament\/\"  data-gt-translate-attributes='[{\"attribute\":\"data-cmtooltip\", \"format\":\"html\"}]'  tabindex='0' role='link'>Noul Testament<\/a> &Egrave;&trade;i Catehismul<\/span>. Avem nevoie de credin&Egrave;&rsaquo;&Auml;&fnof;. Alegerile noastre vor face diferen&Egrave;&rsaquo;a &Atilde;&reg;ntre om &Egrave;&trade;i om.<\/p>\n<p>Alegerile noastre vor dipinde de credin&Egrave;&rsaquo;a noastr&Auml;&fnof;.<\/p>\n<p><span style=\"color: #ff0000;\">Mai marii lumii ne preg&Auml;&fnof;tesc sclavagismul<\/span>. P&Atilde;&cent;n&Auml;&fnof; &Atilde;&reg;n 2030 <em>&acirc;&euro;&#382;nu ve&Egrave;&rsaquo;i avea nimic &Egrave;&trade;i ve&Egrave;&rsaquo;i fi ferici&Egrave;&rsaquo;i.&acirc;&euro;&#157;<\/em><\/p>\n<p><span style=\"color: #ff0000;\">Aceast&Auml;&fnof; or&Atilde;&cent;nduire sclavagist&Auml;&fnof; se nume&Egrave;&trade;te ast&Auml;&fnof;zi <em><a class=\"glossaryLink\"  aria-describedby=\"tt\"  data-cmtooltip=\"&lt;div class=glossaryItemTitle&gt;Marea resetare&lt;\/div&gt;&lt;div class=glossaryItemBody&gt;Marea resetare, ca &Egrave;&trade;i noua ordine mondial&Auml;&fnof;, este o redenumire a or&Atilde;&cent;nduirii comuniste, adic&Auml;&fnof; a sclavagismului. Comunismul este o form&Auml;&fnof; mascat&Auml;&fnof; a satanismului. Marx a fost satanist.(Vezi detalii la Richard Wurmbrand, &amp;lt;em&amp;gt;Marx &Egrave;&trade;i satan&amp;lt;\/em&amp;gt;, Editura Stephanus, Bucure&Egrave;&trade;ti, 1994.)&lt;\/div&gt;\"  href=\"https:\/\/codulbibliei.editura-fotini.ro\/blog\/glossary\/marea-resetare\/\"  data-gt-translate-attributes='[{\"attribute\":\"data-cmtooltip\", \"format\":\"html\"}]'  tabindex='0' role='link'>marea resetare<\/a><\/em> sau <em><a class=\"glossaryLink\"  aria-describedby=\"tt\"  data-cmtooltip=\"&lt;div class=glossaryItemTitle&gt;Noua Ordine Mondial&Auml;&fnof;&lt;\/div&gt;&lt;div class=glossaryItemBody&gt;&amp;lt;strong&amp;gt;Noua ordine mondial&Auml;&fnof;&amp;lt;\/strong&amp;gt; este un concept vechi de sute, poate chiar mii de ani, promovat de societ&Auml;&fnof;&Egrave;&rsaquo;ile secrete &Egrave;&trade;i oculte, dintre care cea mai cunoscut&Auml;&fnof; este masonetia. Scopul este &Atilde;&reg;nlocuirea vechii ordini cre&Egrave;&trade;tine cu o nou&Auml;&fnof; ordine satanic&Auml;&fnof;. &amp;lt;strong&amp;gt;Noua ordine mondial&Auml;&fnof;&amp;lt;\/strong&amp;gt; este legat&Auml;&fnof; &Egrave;&trade;i de inten&Egrave;&rsaquo;ia instituirii unui &amp;lt;em&amp;gt;guvern mondial&amp;lt;\/em&amp;gt; care va fi condus de un lider, pe care Biblia &Atilde;&reg;l nume&Egrave;&trade;te Antihrist.&lt;\/div&gt;\"  href=\"https:\/\/codulbibliei.editura-fotini.ro\/blog\/glossary\/noua-ordine-mondiala\/\"  data-gt-translate-attributes='[{\"attribute\":\"data-cmtooltip\", \"format\":\"html\"}]'  tabindex='0' role='link'>noua ordine mondial&Auml;&fnof;<\/a><\/em><\/span>.<\/p>\n<div id=\"ms_avp\" style=\"max-width:99%;box-sizing:border-box;margin-left:auto;margin-right:auto;margin-top:2px;width:100%;\"><audio id=\"codepeople_media_player1788444821729060\" width=\"100%\" class=\"codepeople-media classic-skin\" preload=\"none\" style=\"max-width:99%;box-sizing:border-box;margin-left:auto;margin-right:auto;margin-top:2px;width:100%;\"><source src=\"\/\/codulbibliei.editura-fotini.ro\/blog\/wp-content\/uploads\/2025\/07\/Predica-la-Inaltarea-Domnului-2025.mp3\" type=\"audio\/mp3\"><\/source><\/audio><ul id=\"codepeople_media_player1788444821729060-list\" class=\"\" style=\"display:none;\"><li value='{\"source\":[{\"src\":\"\\\/\\\/codulbibliei.editura-fotini.ro\\\/blog\\\/wp-content\\\/uploads\\\/2025\\\/07\\\/Predica-la-Inaltarea-Domnului-2025.mp3\",\"type\":\"audio\\\/mp3\"}],\"track\":[]}'><span class=\"cpmp-annotation\">Predic&Auml;&fnof; la &Atilde;&#381;n&Auml;&fnof;l&Egrave;&rsaquo;area Domnului, 2025<\/span><\/li><\/ul><noscript>audio-and-video-player require JavaScript<\/noscript><div style=\"clear:both;\"><\/div><\/div>\n","protected":false},"excerpt":{"rendered":"<p>Tema: despre &Atilde;&reg;n&Auml;&fnof;l&Egrave;&rsaquo;area sufletelor noastre Ast&Auml;&fnof;zi Domnul nostru Iisus Hristos ne cheam&Auml;&fnof; la &Atilde;&reg;n&Auml;&fnof;l&Egrave;&rsaquo;area sufletelor noastre prin fapte bune &Egrave;&trade;i prin &Atilde;&reg;mplinirea poruncilor pe care El ni le-a dat. &acirc;&euro;&#382;Poc&Auml;&fnof;i&Egrave;&rsaquo;i-v&Auml;&fnof; c&Auml;&fnof; s-a apropiat &Atilde;&reg;mp&Auml;&fnof;r&Auml;&fnof;&Egrave;&rsaquo;ia cerurilor.&acirc;&euro;&#157; Cu aceste cuvinte &Egrave;&trade;i-a &Atilde;&reg;nceput &hellip; <a href=\"https:\/\/codulbibliei.editura-fotini.ro\/blog\/2025\/07\/22\/predica-la-inaltarea-domnului-2025\/\">Continu&#259; s&#259; cite&#537;ti <span class=\"meta-nav\">&rarr;<\/span><\/a><\/p>\n","protected":false},"author":1,"featured_media":0,"comment_status":"open","ping_status":"open","sticky":false,"template":"","format":"standard","meta":{"yasr_overall_rating":0,"yasr_post_is_review":"","yasr_auto_insert_disabled":"","yasr_review_type":"","footnotes":""},"categories":[3],"tags":[536,1503,757,528,712],"class_list":["post-5221","post","type-post","status-publish","format-standard","hentry","category-articole","tag-credinta","tag-crestere-duhovniceasca","tag-marturisire","tag-predici","tag-rugaciune"],"yasr_visitor_votes":{"stars_attributes":{"read_only":false,"span_bottom":false},"number_of_votes":1,"sum_votes":5},"_links":{"self":[{"href":"https:\/\/codulbibliei.editura-fotini.ro\/blog\/wp-json\/wp\/v2\/posts\/5221","targetHints":{"allow":["GET"]}}],"collection":[{"href":"https:\/\/codulbibliei.editura-fotini.ro\/blog\/wp-json\/wp\/v2\/posts"}],"about":[{"href":"https:\/\/codulbibliei.editura-fotini.ro\/blog\/wp-json\/wp\/v2\/types\/post"}],"author":[{"embeddable":true,"href":"https:\/\/codulbibliei.editura-fotini.ro\/blog\/wp-json\/wp\/v2\/users\/1"}],"replies":[{"embeddable":true,"href":"https:\/\/codulbibliei.editura-fotini.ro\/blog\/wp-json\/wp\/v2\/comments?post=5221"}],"version-history":[{"count":3,"href":"https:\/\/codulbibliei.editura-fotini.ro\/blog\/wp-json\/wp\/v2\/posts\/5221\/revisions"}],"predecessor-version":[{"id":5224,"href":"https:\/\/codulbibliei.editura-fotini.ro\/blog\/wp-json\/wp\/v2\/posts\/5221\/revisions\/5224"}],"wp:attachment":[{"href":"https:\/\/codulbibliei.editura-fotini.ro\/blog\/wp-json\/wp\/v2\/media?parent=5221"}],"wp:term":[{"taxonomy":"category","embeddable":true,"href":"https:\/\/codulbibliei.editura-fotini.ro\/blog\/wp-json\/wp\/v2\/categories?post=5221"},{"taxonomy":"post_tag","embeddable":true,"href":"https:\/\/codulbibliei.editura-fotini.ro\/blog\/wp-json\/wp\/v2\/tags?post=5221"}],"curies":[{"name":"wp","href":"https:\/\/api.w.org\/{rel}","templated":true}]}}